{"id":657,"date":"2022-06-04T23:05:59","date_gmt":"2022-06-04T21:05:59","guid":{"rendered":"https:\/\/www.cnvl.fr\/?page_id=657"},"modified":"2022-06-04T23:05:59","modified_gmt":"2022-06-04T21:05:59","slug":"portes-ouvertes-du-cnvl","status":"publish","type":"post","link":"https:\/\/www.cnvl.fr\/?p=657","title":{"rendered":"Portes ouvertes 2023"},"content":{"rendered":"\n<figure class=\"wp-block-image aligncenter size-large\"><img decoding=\"async\" src=\"https:\/\/www.cnvl.fr\/wp-content\/uploads\/2023\/06\/Poster-photo-voyage-sur-fond-pastel-vert-1-Grand-724x1024.jpg\" alt=\"\" class=\"wp-image-700\"\/><\/figure>\n\n\n\n<p class=\"has-text-align-center\"><strong> 2e Porte Ouverte Sportive<br>le samedi 1er juillet 2023 \u00e0 19h<\/strong><\/p>\n\n\n\n<p><\/p>\n\n\n\n<p class=\"has-text-align-center\"><strong>Voici le programme pr\u00e9vu :<\/strong><\/p>\n\n\n\n<p class=\"has-text-align-center\"><em><strong>&#8211; Comp\u00e9tition de natation<\/strong><\/em><\/p>\n\n\n\n<p class=\"has-text-align-center\"><em><strong>&#8211; D\u00e9monstration de sauvetage<\/strong><\/em><\/p>\n\n\n\n<p class=\"has-text-align-center\"><em><strong>&#8211; Gala de natation artistique<\/strong><\/em><\/p>\n\n\n\n<p><\/p>\n\n\n\n<p class=\"has-text-align-center\">\u00c0 cette occasion, chaque enfant aura la possibilit\u00e9 de s&rsquo;initier gratuitement \u00e0 la natation en comp\u00e9tition, avec des \u00e9preuves adapt\u00e9es selon son \u00e2ge.                                                               &nbsp;Des m\u00e9dailles seront remises aux participants.<img loading=\"lazy\" decoding=\"async\" width=\"194\" height=\"126\" src=\"https:\/\/lh5.googleusercontent.com\/0l_v5eklUKGa0kY2AOfayEa7l8fztiOb1OgzChHn9I-mEDMNoeMAY0EuVVZDkLQafynlVLnQSuV6R3s1ttLIa9D6suLyc1wd28ObBByj9fv6LUFnSlDf6kRZX4KwGV86arPYsQAh3SI18PYx_wq-fAg\"><img loading=\"lazy\" decoding=\"async\" width=\"28\" height=\"65\" src=\"https:\/\/lh5.googleusercontent.com\/dw8KEfJ354CjnHaC4q5mYlGG7smwSt0lg-mRS5QjSBQzZWQoa9cNm14YxC28m-UXQSn7uXP-w8MCnnawCtMprqFifRvPPPA1dsdr21U0RwC6N6759K3kYqFJ4tHDmlATibtmodUnS1W9sRk2PpBBzO4\"><\/p>\n\n\n\n<p class=\"has-text-align-left\">Pour une bonne organisation et pour permettre d\u2019identifier les participants, merci de vous inscrire en cliquant simplement sur ce lien :&nbsp;<\/p>\n\n\n\n<p><a rel=\"noreferrer noopener\" href=\"https:\/\/forms.gle\/U3Z65qAg4i54S1Pt6\" target=\"_blank\">https:\/\/forms.gle\/U3Z65qAg4i54S1Pt6<\/a>          =&gt; On pourra \u00e9galement s\u2019inscrire sur place mais c\u2019est mieux de le faire avant \ud83d\ude09<\/p>\n\n\n\n<p>Cette journ\u00e9e sera \u00e9galement l&rsquo;opportunit\u00e9 de d\u00e9couvrir notre \u00e9quipe de natation artistique, qui pr\u00e9sentera diff\u00e9rents ballets, ainsi que notre section de sauvetage, qui forme chaque ann\u00e9e plusieurs ma\u00eetres-nageurs saisonniers.<\/p>\n\n\n\n<div class=\"wp-block-columns is-layout-flex wp-container-core-columns-is-layout-28f84493 wp-block-columns-is-layout-flex\">\n<div class=\"wp-block-column is-layout-flow wp-block-column-is-layout-flow\">\n<p class=\"has-text-align-center\"><img loading=\"lazy\" decoding=\"async\" src=\"https:\/\/lh3.googleusercontent.com\/IZ9-GuaBSemP25Nv2Mo0V5cH-bhq490rbV9y8KR_lQma86IwKZ9mPoyFEPVrHfz0F7yfZi6FfTTTtUvyfKVXl4IuQwP9BLl0CUTyCDxzUh5LUURpSXqIyt7i5ujvEmwsvlUULayAMlY3XbH7Kj9o0eY\" width=\"196\" height=\"110\"><\/p>\n<\/div>\n\n\n\n<div class=\"wp-block-column is-layout-flow wp-block-column-is-layout-flow\">\n<p><img loading=\"lazy\" decoding=\"async\" src=\"https:\/\/lh4.googleusercontent.com\/GGWv5HpJ74nFp589clMRCT36n4FPtxRz8RdETx2f21RRbLHXnQqHVyii5f3RNl16CS7MSsJPMgS6RAJCCk-Nwc5DuCzds62zJGnXIRYdKdoJZpE4E5hLrnq9So8Rvk0xnZaOPxKMIx12CxPy_1Q3fak\" width=\"196\" height=\"127\"><\/p>\n<\/div>\n<\/div>\n\n\n\n<p>Nous esp\u00e9rons vous voir nombreux lors de cette journ\u00e9e exceptionnelle.<\/p>\n\n\n\n<p>\u00c0 tr\u00e8s bient\u00f4t<\/p>\n\n\n\n<p class=\"has-text-align-center\"><\/p>\n\n\n\n<p><\/p>\n\n\n\n<ul class=\"wp-block-list\"><li><\/li><\/ul>\n\n\n\n<p class=\"has-medium-font-size\"><\/p>\n\n\n\n<p><\/p>\n\n\n\n<p class=\"has-medium-font-size\"><\/p>\n\n\n\n<p class=\"has-text-align-center has-medium-font-size\"><\/p>\n\n\n\n<p class=\"has-text-align-center has-medium-font-size\"><\/p>\n\n\n\n<p class=\"has-medium-font-size\"><\/p>\n\n\n\n<p class=\"has-medium-font-size\"><\/p>\n","protected":false},"excerpt":{"rendered":"<p>2e Porte Ouverte Sportivele samedi 1er juillet 2023 \u00e0 19h Voici le programme pr\u00e9vu : &#8211; Comp\u00e9tition de natation &#8211; [&hellip;]<\/p>\n","protected":false},"author":4,"featured_media":0,"comment_status":"closed","ping_status":"closed","sticky":true,"template":"","format":"standard","meta":{"site-sidebar-layout":"default","site-content-layout":"","ast-site-content-layout":"","site-content-style":"default","site-sidebar-style":"default","ast-global-header-display":"","ast-banner-title-visibility":"","ast-main-header-display":"","ast-hfb-above-header-display":"","ast-hfb-below-header-display":"","ast-hfb-mobile-header-display":"","site-post-title":"","ast-breadcrumbs-content":"","ast-featured-img":"","footer-sml-layout":"","theme-transparent-header-meta":"","adv-header-id-meta":"","stick-header-meta":"","header-above-stick-meta":"","header-main-stick-meta":"","header-below-stick-meta":"","astra-migrate-meta-layouts":"default","ast-page-background-enabled":"default","ast-page-background-meta":{"desktop":{"background-color":"var(--ast-global-color-4)","background-image":"","background-repeat":"repeat","background-position":"center center","background-size":"auto","background-attachment":"scroll","background-type":"","background-media":"","overlay-type":"","overlay-color":"","overlay-opacity":"","overlay-gradient":""},"tablet":{"background-color":"","background-image":"","background-repeat":"repeat","background-position":"center center","background-size":"auto","background-attachment":"scroll","background-type":"","background-media":"","overlay-type":"","overlay-color":"","overlay-opacity":"","overlay-gradient":""},"mobile":{"background-color":"","background-image":"","background-repeat":"repeat","background-position":"center center","background-size":"auto","background-attachment":"scroll","background-type":"","background-media":"","overlay-type":"","overlay-color":"","overlay-opacity":"","overlay-gradient":""}},"ast-content-background-meta":{"desktop":{"background-color":"var(--ast-global-color-5)","background-image":"","background-repeat":"repeat","background-position":"center center","background-size":"auto","background-attachment":"scroll","background-type":"","background-media":"","overlay-type":"","overlay-color":"","overlay-opacity":"","overlay-gradient":""},"tablet":{"background-color":"var(--ast-global-color-5)","background-image":"","background-repeat":"repeat","background-position":"center center","background-size":"auto","background-attachment":"scroll","background-type":"","background-media":"","overlay-type":"","overlay-color":"","overlay-opacity":"","overlay-gradient":""},"mobile":{"background-color":"var(--ast-global-color-5)","background-image":"","background-repeat":"repeat","background-position":"center center","background-size":"auto","background-attachment":"scroll","background-type":"","background-media":"","overlay-type":"","overlay-color":"","overlay-opacity":"","overlay-gradient":""}},"footnotes":""},"categories":[3],"tags":[],"class_list":["post-657","post","type-post","status-publish","format-standard","hentry","category-evenement"],"_links":{"self":[{"href":"https:\/\/www.cnvl.fr\/index.php?rest_route=\/wp\/v2\/posts\/657","targetHints":{"allow":["GET"]}}],"collection":[{"href":"https:\/\/www.cnvl.fr\/index.php?rest_route=\/wp\/v2\/posts"}],"about":[{"href":"https:\/\/www.cnvl.fr\/index.php?rest_route=\/wp\/v2\/types\/post"}],"author":[{"embeddable":true,"href":"https:\/\/www.cnvl.fr\/index.php?rest_route=\/wp\/v2\/users\/4"}],"replies":[{"embeddable":true,"href":"https:\/\/www.cnvl.fr\/index.php?rest_route=%2Fwp%2Fv2%2Fcomments&post=657"}],"version-history":[{"count":0,"href":"https:\/\/www.cnvl.fr\/index.php?rest_route=\/wp\/v2\/posts\/657\/revisions"}],"wp:attachment":[{"href":"https:\/\/www.cnvl.fr\/index.php?rest_route=%2Fwp%2Fv2%2Fmedia&parent=657"}],"wp:term":[{"taxonomy":"category","embeddable":true,"href":"https:\/\/www.cnvl.fr\/index.php?rest_route=%2Fwp%2Fv2%2Fcategories&post=657"},{"taxonomy":"post_tag","embeddable":true,"href":"https:\/\/www.cnvl.fr\/index.php?rest_route=%2Fwp%2Fv2%2Ftags&post=657"}],"curies":[{"name":"wp","href":"https:\/\/api.w.org\/{rel}","templated":true}]}}